{"id":1074,"date":"2012-03-06T20:25:17","date_gmt":"2012-03-06T20:25:17","guid":{"rendered":"http:\/\/annasorenson.se\/?p=1074"},"modified":"2012-03-06T20:25:17","modified_gmt":"2012-03-06T20:25:17","slug":"the-show-is-up-and-new-work-is-on-the-move","status":"publish","type":"post","link":"https:\/\/annasorenson.se\/?p=1074","title":{"rendered":"The show is up and new work is on the move!"},"content":{"rendered":"<div id='gallery-1' class='gallery galleryid-1074 gallery-columns-3 gallery-size-thumbnail'><figure class='gallery-item'>\n\t\t\t<div class='gallery-icon portrait'>\n\t\t\t\t<a href='https:\/\/annasorenson.se\/?attachment_id=1088'><img loading=\"lazy\" decoding=\"async\" width=\"150\" height=\"150\" src=\"https:\/\/media.annasorenson.se\/2012\/03\/Virgina-Wolfs-hatt-150x150.jpg\" class=\"attachment-thumbnail size-thumbnail\" alt=\"\" aria-describedby=\"gallery-1-1088\" \/><\/a>\n\t\t\t<\/div>\n\t\t\t\t<figcaption class='wp-caption-text gallery-caption' id='gallery-1-1088'>\n\t\t\t\tVirgina Wolf&#8217;s blue hat, mixed media on paper, 52 x 76 cm\n\t\t\t\t<\/figcaption><\/figure><figure class='gallery-item'>\n\t\t\t<div class='gallery-icon portrait'>\n\t\t\t\t<a href='https:\/\/annasorenson.se\/?attachment_id=1087'><img loading=\"lazy\" decoding=\"async\" width=\"150\" height=\"150\" src=\"https:\/\/media.annasorenson.se\/2012\/03\/Vanf\u00f6rest\u00e4llning-150x150.jpg\" class=\"attachment-thumbnail size-thumbnail\" alt=\"\" aria-describedby=\"gallery-1-1087\" \/><\/a>\n\t\t\t<\/div>\n\t\t\t\t<figcaption class='wp-caption-text gallery-caption' id='gallery-1-1087'>\n\t\t\t\tDelustion, fabric and tejp on paper, 52 x 76 cm\n\t\t\t\t<\/figcaption><\/figure><figure class='gallery-item'>\n\t\t\t<div class='gallery-icon portrait'>\n\t\t\t\t<a href='https:\/\/annasorenson.se\/?attachment_id=1086'><img loading=\"lazy\" decoding=\"async\" width=\"150\" height=\"150\" src=\"https:\/\/media.annasorenson.se\/2012\/03\/Tiden-stannar...-150x150.jpg\" class=\"attachment-thumbnail size-thumbnail\" alt=\"\" aria-describedby=\"gallery-1-1086\" \/><\/a>\n\t\t\t<\/div>\n\t\t\t\t<figcaption class='wp-caption-text gallery-caption' id='gallery-1-1086'>\n\t\t\t\tTiden stannar och allting dansar runt det \u00f6gonblicket, water color on paper, 52 x 76 cm\n\t\t\t\t<\/figcaption><\/figure><figure class='gallery-item'>\n\t\t\t<div class='gallery-icon portrait'>\n\t\t\t\t<a href='https:\/\/annasorenson.se\/?attachment_id=1085'><img loading=\"lazy\" decoding=\"async\" width=\"150\" height=\"150\" src=\"https:\/\/media.annasorenson.se\/2012\/03\/Textens-relation-till-texten-150x150.jpg\" class=\"attachment-thumbnail size-thumbnail\" alt=\"\" aria-describedby=\"gallery-1-1085\" \/><\/a>\n\t\t\t<\/div>\n\t\t\t\t<figcaption class='wp-caption-text gallery-caption' id='gallery-1-1085'>\n\t\t\t\tTextens relation till texten, fabric on paper, 52 x 76 cm\n\t\t\t\t<\/figcaption><\/figure><figure class='gallery-item'>\n\t\t\t<div class='gallery-icon landscape'>\n\t\t\t\t<a href='https:\/\/annasorenson.se\/?attachment_id=1084'><img loading=\"lazy\" decoding=\"async\" width=\"150\" height=\"150\" src=\"https:\/\/media.annasorenson.se\/2012\/03\/Tempraturen-faller-150x150.jpg\" class=\"attachment-thumbnail size-thumbnail\" alt=\"\" aria-describedby=\"gallery-1-1084\" srcset=\"https:\/\/media.annasorenson.se\/2012\/03\/Tempraturen-faller-150x150.jpg 150w, https:\/\/media.annasorenson.se\/2012\/03\/Tempraturen-faller-300x298.jpg 300w, https:\/\/media.annasorenson.se\/2012\/03\/Tempraturen-faller-1024x1019.jpg 1024w, https:\/\/media.annasorenson.se\/2012\/03\/Tempraturen-faller.jpg 1286w\" sizes=\"auto, (max-width: 150px) 100vw, 150px\" \/><\/a>\n\t\t\t<\/div>\n\t\t\t\t<figcaption class='wp-caption-text gallery-caption' id='gallery-1-1084'>\n\t\t\t\tTempraturen faller, gouache on paper, 106 x 106 cm\n\t\t\t\t<\/figcaption><\/figure><figure class='gallery-item'>\n\t\t\t<div class='gallery-icon portrait'>\n\t\t\t\t<a href='https:\/\/annasorenson.se\/?attachment_id=1083'><img loading=\"lazy\" decoding=\"async\" width=\"150\" height=\"150\" src=\"https:\/\/media.annasorenson.se\/2012\/03\/Kelly-virkar-150x150.jpg\" class=\"attachment-thumbnail size-thumbnail\" alt=\"\" aria-describedby=\"gallery-1-1083\" srcset=\"https:\/\/media.annasorenson.se\/2012\/03\/Kelly-virkar-150x150.jpg 150w, https:\/\/media.annasorenson.se\/2012\/03\/Kelly-virkar-300x300.jpg 300w, https:\/\/media.annasorenson.se\/2012\/03\/Kelly-virkar-1024x1024.jpg 1024w, https:\/\/media.annasorenson.se\/2012\/03\/Kelly-virkar.jpg 1279w\" sizes=\"auto, (max-width: 150px) 100vw, 150px\" \/><\/a>\n\t\t\t<\/div>\n\t\t\t\t<figcaption class='wp-caption-text gallery-caption' id='gallery-1-1083'>\n\t\t\t\tKelly virkar, gouache on paper, 106 x 106 cm\n\t\t\t\t<\/figcaption><\/figure><figure class='gallery-item'>\n\t\t\t<div class='gallery-icon portrait'>\n\t\t\t\t<a href='https:\/\/annasorenson.se\/?attachment_id=1082'><img loading=\"lazy\" decoding=\"async\" width=\"150\" height=\"150\" src=\"https:\/\/media.annasorenson.se\/2012\/03\/Jag-m\u00f6ter-solen-150x150.jpg\" class=\"attachment-thumbnail size-thumbnail\" alt=\"\" aria-describedby=\"gallery-1-1082\" \/><\/a>\n\t\t\t<\/div>\n\t\t\t\t<figcaption class='wp-caption-text gallery-caption' id='gallery-1-1082'>\n\t\t\t\tJag m\u00f6ter solen, paper and fabric on paper, 52 x 76 cm\n\t\t\t\t<\/figcaption><\/figure><figure class='gallery-item'>\n\t\t\t<div class='gallery-icon portrait'>\n\t\t\t\t<a href='https:\/\/annasorenson.se\/?attachment_id=1081'><img loading=\"lazy\" decoding=\"async\" width=\"150\" height=\"150\" src=\"https:\/\/media.annasorenson.se\/2012\/03\/Inget-riktigt-jobb-150x150.jpg\" class=\"attachment-thumbnail size-thumbnail\" alt=\"\" aria-describedby=\"gallery-1-1081\" \/><\/a>\n\t\t\t<\/div>\n\t\t\t\t<figcaption class='wp-caption-text gallery-caption' id='gallery-1-1081'>\n\t\t\t\tInget riktigt jobb, collage and gouache on paper, 106 x 113 cm\n\t\t\t\t<\/figcaption><\/figure><figure class='gallery-item'>\n\t\t\t<div class='gallery-icon portrait'>\n\t\t\t\t<a href='https:\/\/annasorenson.se\/?attachment_id=1080'><img loading=\"lazy\" decoding=\"async\" width=\"150\" height=\"150\" src=\"https:\/\/media.annasorenson.se\/2012\/03\/Februari-5-2012-36x36-inch-150x150.jpg\" class=\"attachment-thumbnail size-thumbnail\" alt=\"\" aria-describedby=\"gallery-1-1080\" srcset=\"https:\/\/media.annasorenson.se\/2012\/03\/Februari-5-2012-36x36-inch-150x150.jpg 150w, https:\/\/media.annasorenson.se\/2012\/03\/Februari-5-2012-36x36-inch-1014x1024.jpg 1014w, https:\/\/media.annasorenson.se\/2012\/03\/Februari-5-2012-36x36-inch.jpg 1268w\" sizes=\"auto, (max-width: 150px) 100vw, 150px\" \/><\/a>\n\t\t\t<\/div>\n\t\t\t\t<figcaption class='wp-caption-text gallery-caption' id='gallery-1-1080'>\n\t\t\t\tFebruari 5 2012, 36&#215;36 inch, gouache on panel\n\t\t\t\t<\/figcaption><\/figure><figure class='gallery-item'>\n\t\t\t<div class='gallery-icon portrait'>\n\t\t\t\t<a href='https:\/\/annasorenson.se\/?attachment_id=1079'><img loading=\"lazy\" decoding=\"async\" width=\"150\" height=\"150\" src=\"https:\/\/media.annasorenson.se\/2012\/03\/Feb.13.2012-150x150.jpg\" class=\"attachment-thumbnail size-thumbnail\" alt=\"\" aria-describedby=\"gallery-1-1079\" srcset=\"https:\/\/media.annasorenson.se\/2012\/03\/Feb.13.2012-150x150.jpg 150w, https:\/\/media.annasorenson.se\/2012\/03\/Feb.13.2012-1016x1024.jpg 1016w, https:\/\/media.annasorenson.se\/2012\/03\/Feb.13.2012.jpg 1271w\" sizes=\"auto, (max-width: 150px) 100vw, 150px\" \/><\/a>\n\t\t\t<\/div>\n\t\t\t\t<figcaption class='wp-caption-text gallery-caption' id='gallery-1-1079'>\n\t\t\t\tFeb.13.2012, oil on panel, 40 x 40 cm\n\t\t\t\t<\/figcaption><\/figure><figure class='gallery-item'>\n\t\t\t<div class='gallery-icon landscape'>\n\t\t\t\t<a href='https:\/\/annasorenson.se\/?attachment_id=1078'><img loading=\"lazy\" decoding=\"async\" width=\"150\" height=\"150\" src=\"https:\/\/media.annasorenson.se\/2012\/03\/D\u00e4r-150x150.jpg\" class=\"attachment-thumbnail size-thumbnail\" alt=\"\" aria-describedby=\"gallery-1-1078\" \/><\/a>\n\t\t\t<\/div>\n\t\t\t\t<figcaption class='wp-caption-text gallery-caption' id='gallery-1-1078'>\n\t\t\t\tD\u00e4r, collage on panel, 90 x 90 cm\n\t\t\t\t<\/figcaption><\/figure><figure class='gallery-item'>\n\t\t\t<div class='gallery-icon landscape'>\n\t\t\t\t<a href='https:\/\/annasorenson.se\/?attachment_id=1077'><img loading=\"lazy\" decoding=\"async\" width=\"150\" height=\"150\" src=\"https:\/\/media.annasorenson.se\/2012\/03\/Det-finns-ingen-forts\u00e4ttning-150x150.jpg\" class=\"attachment-thumbnail size-thumbnail\" alt=\"\" aria-describedby=\"gallery-1-1077\" srcset=\"https:\/\/media.annasorenson.se\/2012\/03\/Det-finns-ingen-forts\u00e4ttning-150x150.jpg 150w, https:\/\/media.annasorenson.se\/2012\/03\/Det-finns-ingen-forts\u00e4ttning-300x300.jpg 300w, https:\/\/media.annasorenson.se\/2012\/03\/Det-finns-ingen-forts\u00e4ttning-1024x1024.jpg 1024w, https:\/\/media.annasorenson.se\/2012\/03\/Det-finns-ingen-forts\u00e4ttning.jpg 1281w\" sizes=\"auto, (max-width: 150px) 100vw, 150px\" \/><\/a>\n\t\t\t<\/div>\n\t\t\t\t<figcaption class='wp-caption-text gallery-caption' id='gallery-1-1077'>\n\t\t\t\tDet finns ingen forts\u00e4ttning, gouache on paper, 106 x106 cm\n\t\t\t\t<\/figcaption><\/figure><figure class='gallery-item'>\n\t\t\t<div class='gallery-icon portrait'>\n\t\t\t\t<a href='https:\/\/annasorenson.se\/?attachment_id=1076'><img loading=\"lazy\" decoding=\"async\" width=\"150\" height=\"150\" src=\"https:\/\/media.annasorenson.se\/2012\/03\/Blodf\u00f6rgiftning-150x150.jpg\" class=\"attachment-thumbnail size-thumbnail\" alt=\"\" aria-describedby=\"gallery-1-1076\" \/><\/a>\n\t\t\t<\/div>\n\t\t\t\t<figcaption class='wp-caption-text gallery-caption' id='gallery-1-1076'>\n\t\t\t\tBlodf\u00f6rgiftning, collage on paper, 52 x 76 cm\n\t\t\t\t<\/figcaption><\/figure><figure class='gallery-item'>\n\t\t\t<div class='gallery-icon portrait'>\n\t\t\t\t<a href='https:\/\/annasorenson.se\/?attachment_id=1075'><img loading=\"lazy\" decoding=\"async\" width=\"150\" height=\"150\" src=\"https:\/\/media.annasorenson.se\/2012\/03\/Arbetsl\u00f6s-och-vad-\u00e4r-samh\u00e4llsnyttan-150x150.jpg\" class=\"attachment-thumbnail size-thumbnail\" alt=\"\" aria-describedby=\"gallery-1-1075\" \/><\/a>\n\t\t\t<\/div>\n\t\t\t\t<figcaption class='wp-caption-text gallery-caption' id='gallery-1-1075'>\n\t\t\t\tArbetsl\u00f6s och vad \u00e4r samh\u00e4llsnyttan, collage on paper, 106 x 113 cm\n\t\t\t\t<\/figcaption><\/figure>\n\t\t<\/div>\n\n","protected":false},"excerpt":{"rendered":"","protected":false},"author":1,"featured_media":0,"comment_status":"open","ping_status":"open","sticky":false,"template":"","format":"standard","meta":{"footnotes":""},"categories":[1],"tags":[],"class_list":["post-1074","post","type-post","status-publish","format-standard","hentry","category-uncategorized"],"_links":{"self":[{"href":"https:\/\/annasorenson.se\/index.php?rest_route=\/wp\/v2\/posts\/1074","targetHints":{"allow":["GET"]}}],"collection":[{"href":"https:\/\/annasorenson.se\/index.php?rest_route=\/wp\/v2\/posts"}],"about":[{"href":"https:\/\/annasorenson.se\/index.php?rest_route=\/wp\/v2\/types\/post"}],"author":[{"embeddable":true,"href":"https:\/\/annasorenson.se\/index.php?rest_route=\/wp\/v2\/users\/1"}],"replies":[{"embeddable":true,"href":"https:\/\/annasorenson.se\/index.php?rest_route=%2Fwp%2Fv2%2Fcomments&post=1074"}],"version-history":[{"count":3,"href":"https:\/\/annasorenson.se\/index.php?rest_route=\/wp\/v2\/posts\/1074\/revisions"}],"predecessor-version":[{"id":1091,"href":"https:\/\/annasorenson.se\/index.php?rest_route=\/wp\/v2\/posts\/1074\/revisions\/1091"}],"wp:attachment":[{"href":"https:\/\/annasorenson.se\/index.php?rest_route=%2Fwp%2Fv2%2Fmedia&parent=1074"}],"wp:term":[{"taxonomy":"category","embeddable":true,"href":"https:\/\/annasorenson.se\/index.php?rest_route=%2Fwp%2Fv2%2Fcategories&post=1074"},{"taxonomy":"post_tag","embeddable":true,"href":"https:\/\/annasorenson.se\/index.php?rest_route=%2Fwp%2Fv2%2Ftags&post=1074"}],"curies":[{"name":"wp","href":"https:\/\/api.w.org\/{rel}","templated":true}]}}