{"id":4207,"date":"2021-11-12T10:12:19","date_gmt":"2021-11-12T10:12:19","guid":{"rendered":"https:\/\/annasorenson.se\/?p=4207"},"modified":"2021-11-12T10:19:55","modified_gmt":"2021-11-12T10:19:55","slug":"kolla-konst-en-sommarutstallning-i-regi-av-lidkopings-konsthall","status":"publish","type":"post","link":"https:\/\/annasorenson.se\/?p=4207","title":{"rendered":"&#8221;Kolla Konst!&#8221;, en sommarutst\u00e4llning i regi av Lidk\u00f6pings Konsthall"},"content":{"rendered":"\n<figure class=\"wp-block-image size-large\"><a href=\"https:\/\/media.annasorenson.se\/2021\/11\/Kva\u0308llsbild-ljusslinga-1.jpeg\"><img loading=\"lazy\" decoding=\"async\" width=\"1024\" height=\"683\" src=\"https:\/\/media.annasorenson.se\/2021\/11\/Kva\u0308llsbild-ljusslinga-1-1024x683.jpeg\" alt=\"\" class=\"wp-image-4208\" srcset=\"https:\/\/media.annasorenson.se\/2021\/11\/Kva\u0308llsbild-ljusslinga-1-1024x683.jpeg 1024w, https:\/\/media.annasorenson.se\/2021\/11\/Kva\u0308llsbild-ljusslinga-1-300x200.jpeg 300w, https:\/\/media.annasorenson.se\/2021\/11\/Kva\u0308llsbild-ljusslinga-1-768x512.jpeg 768w, https:\/\/media.annasorenson.se\/2021\/11\/Kva\u0308llsbild-ljusslinga-1-624x416.jpeg 624w, https:\/\/media.annasorenson.se\/2021\/11\/Kva\u0308llsbild-ljusslinga-1.jpeg 1280w\" sizes=\"auto, (max-width: 1024px) 100vw, 1024px\" \/><\/a><figcaption>Verket &#8221;Alla blir glada&#8221;, 2021, installerat vid Torgbron i Lidk\u00f6ping. <meta charset=\"utf-8\">Foto: Martin Frick<\/figcaption><\/figure>\n\n\n\n<p>F\u00f6r er som missa utst\u00e4llningen &#8221;Kolla Konst&#8221; i somras \u00e4r jag glad att visa Martin Fricks fina dokumentations bilder av mina verk. Lidk\u00f6ping fyllde 575 \u00e5r och firade genom l\u00e5ta Lidk\u00f6pings Konsthall arrangera en konstpromenad runt Lidan. S\u00e5 h\u00e4r ber\u00e4tta konsthallen om sina tankar om utst\u00e4llningen: <meta charset=\"utf-8\">&#8221;Genom konsten kan vi se staden och genom nya \u00f6gon, kanske b\u00f6rjar vi se s\u00e5dant som vi har gl\u00f6mt bort att vi har? Eller s\u00e5 kanske nya favoritplatser i skapas? Genom att f\u00f6lja ett promenadstr\u00e5k som tar oss runt Lidan och in i Stadstr\u00e4dg\u00e5rden har du m\u00f6jlighet att ta del av samtidskonst som \u00e4r b\u00e5de lekfull, vacker och utmanade och ibland st\u00e5r i kontrast till den konst som redan finns i v\u00e5r stad. Det skapar fina dialoger mellan verken men f\u00e5r oss ocks\u00e5 att fundera p\u00e5 vad samtidskonst \u00e4r och hur den kan p\u00e5verka v\u00e5r offentliga milj\u00f6. Tankarna kring vad konst \u00e4r och kan vara utvecklas hela tiden. Det samma g\u00e4ller tankarna kring staden och vilka funktioner den ska fylla.&#8221;<\/p>\n\n\n\n<figure class=\"wp-block-image size-large is-resized\"><a href=\"https:\/\/media.annasorenson.se\/2021\/11\/M85_6971-scaled.jpg\"><img loading=\"lazy\" decoding=\"async\" src=\"https:\/\/media.annasorenson.se\/2021\/11\/M85_6971-683x1024.jpg\" alt=\"\" class=\"wp-image-4213\" width=\"683\" height=\"1024\" srcset=\"https:\/\/media.annasorenson.se\/2021\/11\/M85_6971-683x1024.jpg 683w, https:\/\/media.annasorenson.se\/2021\/11\/M85_6971-200x300.jpg 200w, https:\/\/media.annasorenson.se\/2021\/11\/M85_6971-768x1152.jpg 768w, https:\/\/media.annasorenson.se\/2021\/11\/M85_6971-1024x1536.jpg 1024w, https:\/\/media.annasorenson.se\/2021\/11\/M85_6971-1365x2048.jpg 1365w, https:\/\/media.annasorenson.se\/2021\/11\/M85_6971-624x936.jpg 624w, https:\/\/media.annasorenson.se\/2021\/11\/M85_6971-scaled.jpg 1707w\" sizes=\"auto, (max-width: 683px) 100vw, 683px\" \/><\/a><figcaption>&#8221;Banana Kone&#8221;, 2021, Lidk\u00f6ping. Foto: Martin Frick<\/figcaption><\/figure>\n\n\n\n<figure class=\"wp-block-image size-large is-resized\"><a href=\"https:\/\/media.annasorenson.se\/2021\/11\/M85_7030-scaled.jpg\"><img loading=\"lazy\" decoding=\"async\" src=\"https:\/\/media.annasorenson.se\/2021\/11\/M85_7030-1024x683.jpg\" alt=\"\" class=\"wp-image-4210\" width=\"1024\" height=\"683\" srcset=\"https:\/\/media.annasorenson.se\/2021\/11\/M85_7030-1024x683.jpg 1024w, https:\/\/media.annasorenson.se\/2021\/11\/M85_7030-300x200.jpg 300w, https:\/\/media.annasorenson.se\/2021\/11\/M85_7030-768x512.jpg 768w, https:\/\/media.annasorenson.se\/2021\/11\/M85_7030-1536x1024.jpg 1536w, https:\/\/media.annasorenson.se\/2021\/11\/M85_7030-2048x1365.jpg 2048w, https:\/\/media.annasorenson.se\/2021\/11\/M85_7030-624x416.jpg 624w\" sizes=\"auto, (max-width: 1024px) 100vw, 1024px\" \/><\/a><figcaption>&#8221;Banana Cone&#8221;, 2021, Lidk\u00f6ping. <meta charset=\"utf-8\">Foto: Martin Frick<\/figcaption><\/figure>\n\n\n\n<figure class=\"wp-block-image size-large is-resized\"><a href=\"https:\/\/media.annasorenson.se\/2021\/11\/M85_7211-scaled.jpg\"><img loading=\"lazy\" decoding=\"async\" src=\"https:\/\/media.annasorenson.se\/2021\/11\/M85_7211-683x1024.jpg\" alt=\"\" class=\"wp-image-4211\" width=\"683\" height=\"1024\" srcset=\"https:\/\/media.annasorenson.se\/2021\/11\/M85_7211-683x1024.jpg 683w, https:\/\/media.annasorenson.se\/2021\/11\/M85_7211-200x300.jpg 200w, https:\/\/media.annasorenson.se\/2021\/11\/M85_7211-768x1152.jpg 768w, https:\/\/media.annasorenson.se\/2021\/11\/M85_7211-1024x1536.jpg 1024w, https:\/\/media.annasorenson.se\/2021\/11\/M85_7211-1365x2048.jpg 1365w, https:\/\/media.annasorenson.se\/2021\/11\/M85_7211-624x936.jpg 624w, https:\/\/media.annasorenson.se\/2021\/11\/M85_7211-scaled.jpg 1707w\" sizes=\"auto, (max-width: 683px) 100vw, 683px\" \/><\/a><figcaption>&#8221;Rainy Cloud&#8221;, 2021, Lidk\u00f6ping. <meta charset=\"utf-8\">Foto: Martin Frick<\/figcaption><\/figure>\n\n\n\n<figure class=\"wp-block-image size-large is-resized\"><a href=\"https:\/\/media.annasorenson.se\/2021\/11\/Kva\u0308llsbild-Rainy-Cloud-scaled.jpg\"><img loading=\"lazy\" decoding=\"async\" src=\"https:\/\/media.annasorenson.se\/2021\/11\/Kva\u0308llsbild-Rainy-Cloud-1024x683.jpg\" alt=\"\" class=\"wp-image-4212\" width=\"1024\" height=\"683\" srcset=\"https:\/\/media.annasorenson.se\/2021\/11\/Kva\u0308llsbild-Rainy-Cloud-1024x683.jpg 1024w, https:\/\/media.annasorenson.se\/2021\/11\/Kva\u0308llsbild-Rainy-Cloud-300x200.jpg 300w, https:\/\/media.annasorenson.se\/2021\/11\/Kva\u0308llsbild-Rainy-Cloud-768x512.jpg 768w, https:\/\/media.annasorenson.se\/2021\/11\/Kva\u0308llsbild-Rainy-Cloud-1536x1024.jpg 1536w, https:\/\/media.annasorenson.se\/2021\/11\/Kva\u0308llsbild-Rainy-Cloud-2048x1365.jpg 2048w, https:\/\/media.annasorenson.se\/2021\/11\/Kva\u0308llsbild-Rainy-Cloud-624x416.jpg 624w\" sizes=\"auto, (max-width: 1024px) 100vw, 1024px\" \/><\/a><figcaption>Kv\u00e4llsbild av &#8221;Rainy Cloud&#8221;, 2021, Lidk\u00f6ping. Foto: Martin Frick<\/figcaption><\/figure>\n\n\n\n<p><\/p>\n","protected":false},"excerpt":{"rendered":"<p>F\u00f6r er som missa utst\u00e4llningen &#8221;Kolla Konst&#8221; i somras \u00e4r jag glad att visa Martin Fricks fina dokumentations bilder av mina verk. Lidk\u00f6ping fyllde 575 \u00e5r och firade genom l\u00e5ta Lidk\u00f6pings Konsthall arrangera en konstpromenad runt Lidan. S\u00e5 h\u00e4r ber\u00e4tta konsthallen om sina tankar om utst\u00e4llningen: &#8221;Genom konsten kan vi se staden och genom nya [&hellip;]<\/p>\n","protected":false},"author":1,"featured_media":0,"comment_status":"closed","ping_status":"closed","sticky":false,"template":"","format":"standard","meta":{"footnotes":""},"categories":[1],"tags":[],"class_list":["post-4207","post","type-post","status-publish","format-standard","hentry","category-uncategorized"],"_links":{"self":[{"href":"https:\/\/annasorenson.se\/index.php?rest_route=\/wp\/v2\/posts\/4207","targetHints":{"allow":["GET"]}}],"collection":[{"href":"https:\/\/annasorenson.se\/index.php?rest_route=\/wp\/v2\/posts"}],"about":[{"href":"https:\/\/annasorenson.se\/index.php?rest_route=\/wp\/v2\/types\/post"}],"author":[{"embeddable":true,"href":"https:\/\/annasorenson.se\/index.php?rest_route=\/wp\/v2\/users\/1"}],"replies":[{"embeddable":true,"href":"https:\/\/annasorenson.se\/index.php?rest_route=%2Fwp%2Fv2%2Fcomments&post=4207"}],"version-history":[{"count":3,"href":"https:\/\/annasorenson.se\/index.php?rest_route=\/wp\/v2\/posts\/4207\/revisions"}],"predecessor-version":[{"id":4216,"href":"https:\/\/annasorenson.se\/index.php?rest_route=\/wp\/v2\/posts\/4207\/revisions\/4216"}],"wp:attachment":[{"href":"https:\/\/annasorenson.se\/index.php?rest_route=%2Fwp%2Fv2%2Fmedia&parent=4207"}],"wp:term":[{"taxonomy":"category","embeddable":true,"href":"https:\/\/annasorenson.se\/index.php?rest_route=%2Fwp%2Fv2%2Fcategories&post=4207"},{"taxonomy":"post_tag","embeddable":true,"href":"https:\/\/annasorenson.se\/index.php?rest_route=%2Fwp%2Fv2%2Ftags&post=4207"}],"curies":[{"name":"wp","href":"https:\/\/api.w.org\/{rel}","templated":true}]}}